{"id":1130,"date":"2024-03-18T13:34:48","date_gmt":"2024-03-18T12:34:48","guid":{"rendered":"https:\/\/nagytabor.margitos.hu\/?p=1130"},"modified":"2024-03-18T13:34:51","modified_gmt":"2024-03-18T12:34:51","slug":"ima-a-margitos-nagytaborert","status":"publish","type":"post","link":"https:\/\/nagytabor.margitos.hu\/?p=1130","title":{"rendered":"Ima a Margitos Nagyt\u00e1bor\u00e9rt"},"content":{"rendered":"\n<blockquote class=\"wp-block-quote\">\n<p>Kapcsol\u00f3djunk \u00e9s im\u00e1dkozzunk egy\u00fctt a Nagyt\u00e1bor\u00e9rt illetve minden r\u00e9sztvev\u0151j\u00e9\u00e9rt. M\u00e1rcius 18-t\u00f3l h\u00fasz h\u00e9ten kereszt\u00fcl eg\u00e9szen a t\u00e1bor kezdet\u00e9ig im\u00e1dkozzunk egy-egy tized r\u00f3zsaf\u00fcz\u00e9rt az al\u00e1bbi titkok haszn\u00e1lat\u00e1val \u00e9s r\u00f6vid k\u00f6ny\u00f6rg\u00e9ssel.<\/p>\n<cite>Az im\u00e1t \u00f6ssze\u00e1ll\u00edtotta: Sz\u0171cs B\u00e1lint atya<\/cite><\/blockquote>\n\n\n\n<p><strong>\u00d6rvendetes olvas\u00f3<\/strong><\/p>\n\n\n\n<p><strong>Els\u0151 h\u00e9t &#8211; m\u00e1rcius 18.<\/strong><\/p>\n\n\n\n<p>Titok: akit te Szent Sz\u0171z a Szentl\u00e9lekt\u0151l fogant\u00e1l<\/p>\n\n\n\n<p>Kapcsolat: Add Isten\u00fcnk, hogy Szentlelked \u00e1ltal mi is j\u00f3 gy\u00fcm\u00f6lcs\u00f6t hozzunk egym\u00e1s\u00e9rt.<\/p>\n\n\n\n<p><strong>Szent\u00edr\u00e1si szakasz: Lk 1,26-38<\/strong>&nbsp;Az angyali \u00fcdv\u00f6zlet.<\/p>\n\n\n\n<p>Im\u00e1ds\u00e1g: egy tized r\u00f3zsaf\u00fcz\u00e9r<\/p>\n\n\n\n<p>K\u00f6ny\u00f6rg\u00e9s: Add meg Mennyei Aty\u00e1nk, hogy Szentlelked \u00e1ltal mi is felismerj\u00fck akaratodat \u00e9s ahogyan a Sz\u0171zanya tev\u00e9keny lett a te terved megval\u00f3s\u00edt\u00e1s\u00e1ban, \u00fagy mi is \u00f6r\u00f6mmel munk\u00e1lkodjunk k\u00f6z\u00f6ss\u00e9g\u00fcnk \u00fcdv\u00f6ss\u00e9g\u00e9n. A mi Urunk J\u00e9zus Krisztus a te Fiad \u00e1ltal, aki veled \u00e9l \u00e9s uralkodik a Szentl\u00e9lekkel egys\u00e9gben, Isten mind\u00f6r\u00f6kk\u00f6n-\u00f6r\u00f6kk\u00e9. Amen<\/p>\n\n\n\n<p><strong>M\u00e1sodik h\u00e9t &#8211; m\u00e1rcius 25.<\/strong><\/p>\n\n\n\n<p>Titok: akit te Szent Sz\u0171z Erzs\u00e9betet l\u00e1togatv\u00e1n hordozt\u00e1l.<\/p>\n\n\n\n<p>Kapcsolat: Add Isten\u00fcnk, hogy mi is \u00f6r\u00f6mmel hordozzuk egym\u00e1st az im\u00e1ds\u00e1gban, \u00e9s tev\u00e9kenyen seg\u00edts\u00fck egym\u00e1st a t\u00e1bori el\u0151k\u00e9sz\u00fcletekben<\/p>\n\n\n\n<p><strong>Szent\u00edr\u00e1si szakasz: Lk 1,39-45<\/strong>&nbsp;M\u00e1ria megl\u00e1togatja Erzs\u00e9betet<\/p>\n\n\n\n<p>Im\u00e1ds\u00e1g: egy tized r\u00f3zsaf\u00fcz\u00e9r<\/p>\n\n\n\n<p>K\u00f6ny\u00f6rg\u00e9s: Add meg Mennyei Aty\u00e1nk, hogy mindig hordozzuk egym\u00e1st az im\u00e1ds\u00e1gban, \u00e9s szeretet\u00fcnk, amely bel\u0151led forr\u00e1sozik, a cselekedeteinkben is megmutatkozzon. A mi Urunk J\u00e9zus Krisztus a te Fiad \u00e1ltal, aki veled \u00e9l \u00e9s uralkodik a Szentl\u00e9lekkel egys\u00e9gben, Isten mind\u00f6r\u00f6kk\u00f6n-\u00f6r\u00f6kk\u00e9. Amen<\/p>\n\n\n\n<p><strong>Harmadik h\u00e9t &#8211; \u00e1prilis 1.<\/strong><\/p>\n\n\n\n<p>Titok: akit te Szent Sz\u0171z a vil\u00e1gra sz\u00fclt\u00e9l.<\/p>\n\n\n\n<p>Kapcsolat: Add Isten\u00fcnk, hogy \u00e9let\u00fcnkkel r\u00e1mutassunk, hogy te k\u00f6zt\u00fcnk \u00e9lsz.<\/p>\n\n\n\n<p><strong>Szent\u00edr\u00e1si szakasz: Lk 2,1-7 J\u00e9zus sz\u00fclet\u00e9se<\/strong><\/p>\n\n\n\n<p>Im\u00e1ds\u00e1g: egy tized r\u00f3zsaf\u00fcz\u00e9r<\/p>\n\n\n\n<p>K\u00f6ny\u00f6rg\u00e9s: Add meg Mennyei Aty\u00e1nk, hogy eg\u00e9sz \u00e9let\u00fcnk jel legyen a t\u00f6bbi ember sz\u00e1m\u00e1ra, hogy k\u00f6zt\u00fcnk \u00e9lsz, \u00e9s megsz\u00fclethess\u00e9l embert\u00e1rsainkban \u00e1ltalunk is. A mi Urunk J\u00e9zus Krisztus a te Fiad \u00e1ltal, aki veled \u00e9l \u00e9s uralkodik a Szentl\u00e9lekkel egys\u00e9gben, Isten mind\u00f6r\u00f6kk\u00f6n-\u00f6r\u00f6kk\u00e9. Amen<\/p>\n\n\n\n<p><strong>Negyedik h\u00e9t &#8211; \u00e1prilis 8.<\/strong><\/p>\n\n\n\n<p>Titok: akit te Szent Sz\u0171z a templomban bemutatt\u00e1l.<\/p>\n\n\n\n<p>Kapcsolat: Add Isten\u00fcnk, hogy teljesen fel tudjuk magunkat aj\u00e1nlani Neked.<\/p>\n\n\n\n<p><strong>Szent\u00edr\u00e1si szakasz: Lk 2,22-40 J\u00e9zus bemutat\u00e1sa a templomban<\/strong><\/p>\n\n\n\n<p>Im\u00e1ds\u00e1g: egy tized r\u00f3zsaf\u00fcz\u00e9r<\/p>\n\n\n\n<p>K\u00f6ny\u00f6rg\u00e9s: Add meg Mennyei Aty\u00e1nk, hogy teljes val\u00f3nkkal neked szentelj\u00fck magunkat, ezzel \u00f6r\u00f6met \u00e9s \u00fcdv\u00f6ss\u00e9get szerezz\u00fcnk m\u00e1soknak. A mi Urunk J\u00e9zus Krisztus a te Fiad \u00e1ltal, aki veled \u00e9l \u00e9s uralkodik a Szentl\u00e9lekkel egys\u00e9gben, Isten mind\u00f6r\u00f6kk\u00f6n-\u00f6r\u00f6kk\u00e9. Amen<\/p>\n\n\n\n<p><strong>\u00d6t\u00f6dik h\u00e9t &#8211; \u00e1prilis 15.<\/strong><\/p>\n\n\n\n<p>Titok: akit te Szent Sz\u0171z a templomban megtal\u00e1lt\u00e1l.<\/p>\n\n\n\n<p>Kapcsolat: Add Isten\u00fcnk, hogy T\u00e9ged keress\u00fcnk \u00e9let\u00fcnk minden esem\u00e9nyeiben, minden \u00e9lethelyzet\u00e9ben. (\u00cdgy a Nagyt\u00e1borban is \u00e9szrevegy\u00fck jelenl\u00e9tedet.)<\/p>\n\n\n\n<p><strong>Szent\u00edr\u00e1si szakasz: Lk 2,41-52&nbsp;<\/strong>A tizenk\u00e9t \u00e9ves J\u00e9zus a Templomban.<\/p>\n\n\n\n<p>Im\u00e1ds\u00e1g: egy tized r\u00f3zsaf\u00fcz\u00e9r<\/p>\n\n\n\n<p>K\u00f6ny\u00f6rg\u00e9s: Add meg Mennyei Aty\u00e1nk, ahogy Sz\u0171z M\u00e1ria sz\u00fcnet n\u00e9lk\u00fcl keresett t\u00e9ged \u00e9s v\u00e9g\u00fcl megtal\u00e1lt, \u00fagy mi is hasonl\u00f3 sz\u00edvvel v\u00e1gyakozzunk ut\u00e1nad, am\u00edg el nem jutunk Hozz\u00e1d. A mi Urunk J\u00e9zus Krisztus a te Fiad \u00e1ltal, aki veled \u00e9l \u00e9s uralkodik a Szentl\u00e9lekkel egys\u00e9gben, Isten mind\u00f6r\u00f6kk\u00f6n-\u00f6r\u00f6kk\u00e9. Amen<\/p>\n\n\n\n<p><strong>F\u00e1jdalmas olvas\u00f3<\/strong><\/p>\n\n\n\n<p><strong>Hatodik h\u00e9t &#8211; \u00e1prilis 22.<\/strong><\/p>\n\n\n\n<p>Titok: aki \u00e9rett\u00fcnk v\u00e9rrel verejt\u00e9kezett<\/p>\n\n\n\n<p>Kapcsolat: Add Isten\u00fcnk, hogy mi is mindig a te akaratod szerint v\u00e9gezz\u00fck hivat\u00e1sunkat.<\/p>\n\n\n\n<p><strong>Szent\u00edr\u00e1si szakasz: Lk 22,39-46<\/strong>&nbsp;(illetve: Mt 26,36-46; Mk 14,32-42) Ima a Getszem\u00e1ni kertben<\/p>\n\n\n\n<p>Im\u00e1ds\u00e1g: egy tized r\u00f3zsaf\u00fcz\u00e9r<\/p>\n\n\n\n<p>K\u00f6ny\u00f6rg\u00e9s: Add meg Mennyei Aty\u00e1nk, hogy Szentlelked \u00e1ltal mi is felismerj\u00fck akaratodat, \u00e9s saj\u00e1t akaratunkat a Tieddel egyes\u00edts\u00fck. A mi Urunk J\u00e9zus Krisztus a te Fiad \u00e1ltal, aki veled \u00e9l \u00e9s uralkodik a Szentl\u00e9lekkel egys\u00e9gben, Isten mind\u00f6r\u00f6kk\u00f6n-\u00f6r\u00f6kk\u00e9. Amen<\/p>\n\n\n\n<p><strong>Hetedik h\u00e9t &#8211; \u00e1prilis 29.<\/strong><\/p>\n\n\n\n<p>Titok: akit \u00e9rett\u00fcnk megostoroztak.<\/p>\n\n\n\n<p>Kapcsolat: Add Isten\u00fcnk, hogy minden neh\u00e9zs\u00e9g ellen\u00e9re kitartsunk elhat\u00e1roz\u00e1sainkban. (\u00cdgy a Nagyt\u00e1bor szervez\u0151i \u00e9s r\u00e9sztvev\u0151i is)<\/p>\n\n\n\n<p><strong>Szent\u00edr\u00e1si szakasz: Mt 27,20-26&nbsp;<\/strong>Pil\u00e1tus megostoroztatja J\u00e9zust.<\/p>\n\n\n\n<p>Im\u00e1ds\u00e1g: egy tized r\u00f3zsaf\u00fcz\u00e9r<\/p>\n\n\n\n<p>K\u00f6ny\u00f6rg\u00e9s: Add meg Mennyei Aty\u00e1nk, hogy minden neh\u00e9zs\u00e9g \u00e9s megpr\u00f3b\u00e1ltat\u00e1s ellen\u00e9re k\u00e9szs\u00e9gesek legy\u00fcnk \u00e1ldozatot hozni. A mi Urunk J\u00e9zus Krisztus a te Fiad \u00e1ltal, aki veled \u00e9l \u00e9s uralkodik a Szentl\u00e9lekkel egys\u00e9gben, Isten mind\u00f6r\u00f6kk\u00f6n-\u00f6r\u00f6kk\u00e9. Amen<\/p>\n\n\n\n<p><strong>Nyolcadik h\u00e9t &#8211; m\u00e1jus 6.<\/strong><\/p>\n\n\n\n<p>Titok: akit \u00e9rett\u00fcnk t\u00f6vissel koron\u00e1ztak.<\/p>\n\n\n\n<p>Kapcsolat: Add Isten\u00fcnk, hogy a vil\u00e1g \u00e9s az emberek elismer\u00e9se helyett ink\u00e1bb ragaszkodjunk a te szer\u00e9nys\u00e9gedhez.<\/p>\n\n\n\n<p><strong>Szent\u00edr\u00e1si szakasz: Mt 27,27-31<\/strong>&nbsp;(Mk 15,16-19) J\u00e9zus kig\u00fanyol\u00e1sa.<\/p>\n\n\n\n<p>Im\u00e1ds\u00e1g: egy tized r\u00f3zsaf\u00fcz\u00e9r<\/p>\n\n\n\n<p>K\u00f6ny\u00f6rg\u00e9s: Add meg Mennyei Aty\u00e1nk, hogy a bek\u00e9pzelts\u00e9g \u00e9s felv\u00e1g\u00e1s helyett, mindig szer\u00e9nyek \u00e9s al\u00e1zatosak tudjunk maradni. A mi Urunk J\u00e9zus Krisztus a te Fiad \u00e1ltal, aki veled \u00e9l \u00e9s uralkodik a Szentl\u00e9lekkel egys\u00e9gben, Isten mind\u00f6r\u00f6kk\u00f6n-\u00f6r\u00f6kk\u00e9. Amen<\/p>\n\n\n\n<p><strong>Kilencedik h\u00e9t &#8211; m\u00e1jus 13.<\/strong><\/p>\n\n\n\n<p>Titok: aki \u00e9rett\u00fcnk a keresztet hordozta.<\/p>\n\n\n\n<p>Kapcsolat: Add Isten\u00fcnk, hogy v\u00e1llaljuk saj\u00e1t kereszt\u00fcnket.<\/p>\n\n\n\n<p><strong>Szent\u00edr\u00e1si szakasz: Mk 15,20-23<\/strong>&nbsp;<strong>\u00e9s Mk 8,34-35<\/strong><\/p>\n\n\n\n<p>Im\u00e1ds\u00e1g: egy tized r\u00f3zsaf\u00fcz\u00e9r<\/p>\n\n\n\n<p>K\u00f6ny\u00f6rg\u00e9s: Add meg Mennyei Aty\u00e1nk, hogy Szent Fiad kereszthordoz\u00e1sa nek\u00fcnk is er\u0151t adjon az \u0150 k\u00f6vet\u00e9s\u00e9re. Aki veled \u00e9l \u00e9s uralkodik a Szentl\u00e9lekkel egys\u00e9gben, Isten mind\u00f6r\u00f6kk\u00f6n-\u00f6r\u00f6kk\u00e9. Amen<\/p>\n\n\n\n<p><strong>Tizedik h\u00e9t &#8211; m\u00e1jus 20.<\/strong><\/p>\n\n\n\n<p>Titok: akit \u00e9rett\u00fcnk keresztre fesz\u00edtettek.<\/p>\n\n\n\n<p>Kapcsolat: Add Isten\u00fcnk, hogy megfesz\u00fclj\u00fcnk \u00e9s meghaljunk saj\u00e1t \u00f6nz\u0151s\u00e9g\u00fcnknek \u00e9s minden g\u0151g\u00fcnknek.<\/p>\n\n\n\n<p><strong>Szent\u00edr\u00e1si szakasz: Lk 23,32-43 \u00e9s Jn 19,28-30&nbsp;<\/strong>J\u00e9zust keresztre fesz\u00edtik.<\/p>\n\n\n\n<p>Im\u00e1ds\u00e1g: egy tized r\u00f3zsaf\u00fcz\u00e9r<\/p>\n\n\n\n<p>K\u00f6ny\u00f6rg\u00e9s: Add meg Mennyei Aty\u00e1nk, ahogy Szent Fiad nem vonakodott a kereszten \u00e9let\u00e9t adni \u00e9rt\u00fcnk, \u00fagy mi is tudjunk m\u00e1sok\u00e9rt \u00e9lni. Aki veled \u00e9l \u00e9s uralkodik a Szentl\u00e9lekkel egys\u00e9gben, Isten mind\u00f6r\u00f6kk\u00f6n-\u00f6r\u00f6kk\u00e9. Amen<\/p>\n\n\n\n<p><strong>Dics\u0151s\u00e9ges olvas\u00f3<\/strong><\/p>\n\n\n\n<p><strong>Tizenegyedik h\u00e9t &#8211; m\u00e1jus 27.<\/strong><\/p>\n\n\n\n<p>Titok: aki a hal\u00e1lb\u00f3l felt\u00e1madt.<\/p>\n\n\n\n<p>Kapcsolat: Add Isten\u00fcnk, hogy \u00e9let\u00fcnk k\u00f6zpontj\u00e1ban mindig a felt\u00e1mad\u00e1s rem\u00e9nye, \u00e9s h\u00fasv\u00e9t \u00f6r\u00f6me legyen.<\/p>\n\n\n\n<p><strong>Szent\u00edr\u00e1si szakasz: Jn 20,19-31&nbsp;<\/strong>tal\u00e1lkoz\u00e1s a Felt\u00e1madottal<\/p>\n\n\n\n<p>Im\u00e1ds\u00e1g: egy tized r\u00f3zsaf\u00fcz\u00e9r<\/p>\n\n\n\n<p>K\u00f6ny\u00f6rg\u00e9s: Add meg Mennyei Aty\u00e1nk, hogy Szentlelked \u00e1ltal, \u00e9let\u00fcnk mindig a Szent Fiad felt\u00e1mad\u00e1s\u00e1ra figyeljen, sz\u00edv\u00fcnket pedig t\u00f6ltse be a h\u00fasv\u00e9ti \u00f6r\u00f6m. A mi Urunk J\u00e9zus Krisztus a te Fiad \u00e1ltal, aki veled \u00e9l \u00e9s uralkodik a Szentl\u00e9lekkel egys\u00e9gben, Isten mind\u00f6r\u00f6kk\u00f6n-\u00f6r\u00f6kk\u00e9. Amen<\/p>\n\n\n\n<p><strong>Tizenkettedik h\u00e9t &#8211; j\u00fanius 3.<\/strong><\/p>\n\n\n\n<p>Titok: aki a mennybe felment.<\/p>\n\n\n\n<p>Kapcsolat: Add J\u00e9zusunk, hogy mindig hozz\u00e1d forduljunk minden gondunkkal, mert te k\u00f6zbenj\u00e1rsz \u00e9rt\u00fcnk Mennyei Aty\u00e1nkn\u00e1l.<\/p>\n\n\n\n<p><strong>Szent\u00edr\u00e1si szakasz: ApCsel 1,4-12, Zsid 7,23-25 \u00e9s 1P\u00e9t 5,7<\/strong><\/p>\n\n\n\n<p>Im\u00e1ds\u00e1g: egy tized r\u00f3zsaf\u00fcz\u00e9r<\/p>\n\n\n\n<p>K\u00f6ny\u00f6rg\u00e9s: Add meg Mennyei Aty\u00e1nk, hogy mindig b\u00e1tran \u00e9s bizalommal forduljunk Megv\u00e1lt\u00f3nkhoz, aki el\u0151tted k\u00f6zbenj\u00e1r \u00e9rt\u00fcnk. Aki veled \u00e9l \u00e9s uralkodik a Szentl\u00e9lekkel egys\u00e9gben, Isten mind\u00f6r\u00f6kk\u00f6n-\u00f6r\u00f6kk\u00e9. Amen<\/p>\n\n\n\n<p><strong>Tizenharmadik h\u00e9t &#8211; j\u00fanius 10.<\/strong><\/p>\n\n\n\n<p>Titok: aki nek\u00fcnk a Szentlelket elk\u00fcldte.<\/p>\n\n\n\n<p>Kapcsolat: Add Isten\u00fcnk, hogy Szentlelked aj\u00e1nd\u00e9kait \u00f6r\u00f6mmel haszn\u00e1ljuk k\u00f6z\u00f6ss\u00e9g\u00fcnk \u00e9p\u00edt\u00e9s\u00e9re, egym\u00e1s \u00fcdv\u00f6ss\u00e9g\u00e9re.<\/p>\n\n\n\n<p><strong>Szent\u00edr\u00e1si szakasz: ApCsel 2,1-13<\/strong><\/p>\n\n\n\n<p>Im\u00e1ds\u00e1g: egy tized r\u00f3zsaf\u00fcz\u00e9r<\/p>\n\n\n\n<p>K\u00f6ny\u00f6rg\u00e9s: \u00c1raszd ki r\u00e1nk Szentlelkedet Mennyei Aty\u00e1nk, hogy aj\u00e1nd\u00e9kait elfogadva, kamatoztassuk talentumainkat egym\u00e1s jav\u00e1ra. A mi Urunk J\u00e9zus Krisztus a te Fiad \u00e1ltal, aki veled \u00e9l \u00e9s uralkodik a Szentl\u00e9lekkel egys\u00e9gben, Isten mind\u00f6r\u00f6kk\u00f6n-\u00f6r\u00f6kk\u00e9. Amen<\/p>\n\n\n\n<p><strong>Tizennegyedik h\u00e9t &#8211; j\u00fanius 17.<\/strong><\/p>\n\n\n\n<p>Titok: aki t\u00e9ged Szent Sz\u0171z a mennybe felvett.<\/p>\n\n\n\n<p>Kapcsolat: Add Isten\u00fcnk, hogy \u00e9gi \u00c9desany\u00e1nk p\u00e9ldamutat\u00f3 \u00e9let\u00e9t k\u00f6vetve ismerj\u00fck fel \u00fcdv\u00f6ss\u00e9g\u00fcnk aj\u00e1nd\u00e9k\u00e1t.<\/p>\n\n\n\n<p>Szent\u00edr\u00e1si szakasz: Lk 1,46-55<\/p>\n\n\n\n<p>Im\u00e1ds\u00e1g: egy tized r\u00f3zsaf\u00fcz\u00e9r<\/p>\n\n\n\n<p>K\u00f6ny\u00f6rg\u00e9s: Add meg Mennyei Aty\u00e1nk, hogy Sz\u0171z M\u00e1ria mennybev\u00e9tele \u00e1ltal felismerj\u00fck akaratod teljess\u00e9g\u00e9t. A mi Urunk J\u00e9zus Krisztus a te Fiad \u00e1ltal, aki veled \u00e9l \u00e9s uralkodik a Szentl\u00e9lekkel egys\u00e9gben, Isten mind\u00f6r\u00f6kk\u00f6n-\u00f6r\u00f6kk\u00e9. Amen<\/p>\n\n\n\n<p><strong>Tizen\u00f6t\u00f6dik h\u00e9t &#8211; j\u00fanius 24.<\/strong><\/p>\n\n\n\n<p>Titok: aki t\u00e9ged Szent Sz\u0171z a mennyben megkoron\u00e1zott.<\/p>\n\n\n\n<p>Kapcsolat: Add Isten\u00fcnk, hogy Sz\u0171z M\u00e1ria kit\u00fcntetett hivat\u00e1s\u00e1t mindig \u00f6r\u00f6mmel szeml\u00e9lj\u00fck.<\/p>\n\n\n\n<p><strong>Szent\u00edr\u00e1si szakasz: R\u00f3m 8,28-30 \u00e9s Jn 20,25-27<\/strong>.<\/p>\n\n\n\n<p>Im\u00e1ds\u00e1g: egy tized r\u00f3zsaf\u00fcz\u00e9r<\/p>\n\n\n\n<p>K\u00f6ny\u00f6rg\u00e9s: Add meg Mennyei Aty\u00e1nk, hogy a mennybe felvett \u00e9s megkoron\u00e1zott Sz\u0171z M\u00e1ri\u00e1ban dics\u0151s\u00e9ged m\u00e9lt\u00f3s\u00e1g\u00e1t megl\u00e1ssuk, \u00e9s h\u00e1l\u00e1sak legy\u00fcnk felel\u0151ss\u00e9gteljes k\u00f6zbenj\u00e1r\u00e1s\u00e1\u00e9rt. A mi Urunk J\u00e9zus Krisztus a te Fiad \u00e1ltal, aki veled \u00e9l \u00e9s uralkodik a Szentl\u00e9lekkel egys\u00e9gben, Isten mind\u00f6r\u00f6kk\u00f6n-\u00f6r\u00f6kk\u00e9. Amen<\/p>\n\n\n\n<p><strong>Vil\u00e1goss\u00e1g olvas\u00f3ja<\/strong><\/p>\n\n\n\n<p><strong>Tizenhatodik h\u00e9t &#8211; j\u00falius 1.<\/strong><\/p>\n\n\n\n<p>Titok:&nbsp;aki a Jord\u00e1n viz\u00e9ben megkeresztelkedett<\/p>\n\n\n\n<p>Kapcsolat: Add Isten\u00fcnk, hogy Isten gyermekek\u00e9nt az odaf\u00f6nt val\u00f3 dolgokat keress\u00fck.<\/p>\n\n\n\n<p><strong>Szent\u00edr\u00e1si szakasz: Mk 1,9-11 J\u00e9zus megkeresztelked\u00e9se \u00e9s Kol 3,1<\/strong><\/p>\n\n\n\n<p>Im\u00e1ds\u00e1g: egy tized r\u00f3zsaf\u00fcz\u00e9r<\/p>\n\n\n\n<p>K\u00f6ny\u00f6rg\u00e9s: Add meg Mennyei Aty\u00e1nk, hogy Szentlelked \u00e1ltal minden nap meg\u00e9lj\u00fck istengyermeks\u00e9g\u00fcnk aj\u00e1nd\u00e9k\u00e1t, \u00e9s a Nagyt\u00e1borban testv\u00e9ri szeretettel seg\u00edts\u00fck egym\u00e1st. A mi Urunk J\u00e9zus Krisztus a te Fiad \u00e1ltal, aki veled \u00e9l \u00e9s uralkodik a Szentl\u00e9lekkel egys\u00e9gben, Isten mind\u00f6r\u00f6kk\u00f6n-\u00f6r\u00f6kk\u00e9. Amen<\/p>\n\n\n\n<p><strong>Tizenhetedik h\u00e9t &#8211; j\u00falius 8.<\/strong><\/p>\n\n\n\n<p>Titok: aki a k\u00e1nai menyegz\u0151n kinyilv\u00e1n\u00edtotta isteni erej\u00e9t.<\/p>\n\n\n\n<p>Kapcsolat: Add Isten\u00fcnk, hogy mindig b\u00edzzunk isteni hatalmadban \u00e9s seg\u00edts\u00e9gedben,<\/p>\n\n\n\n<p><strong>Szent\u00edr\u00e1si szakasz: Jn 2,1-11<\/strong>&nbsp;A k\u00e1nai menyegz\u0151<\/p>\n\n\n\n<p>Im\u00e1ds\u00e1g: egy tized r\u00f3zsaf\u00fcz\u00e9r<\/p>\n\n\n\n<p>K\u00f6ny\u00f6rg\u00e9s: Add meg Mennyei Aty\u00e1nk, hogy ne ess\u00fcnk soha k\u00e9ts\u00e9gbe, \u00e9s ne s\u00fcllyedj\u00fcnk a k\u00e9telked\u00e9s b\u0171n\u00e9be, hanem merj\u00fck magunkat mindig isteni hatalmadra b\u00edzni. A mi Urunk J\u00e9zus Krisztus a te Fiad \u00e1ltal, aki veled \u00e9l \u00e9s uralkodik a Szentl\u00e9lekkel egys\u00e9gben, Isten mind\u00f6r\u00f6kk\u00f6n-\u00f6r\u00f6kk\u00e9. Amen<\/p>\n\n\n\n<p><strong>Tizennyolcadik h\u00e9t &#8211; j\u00falius 15.<\/strong><\/p>\n\n\n\n<p>Titok: aki meghirdette Isten orsz\u00e1g\u00e1t.<\/p>\n\n\n\n<p>Kapcsolat: Add Isten\u00fcnk, hogy a nagyt\u00e1bor \u00e1ltal felfedezz\u00fck, hogy orsz\u00e1godat m\u00e1r elhoztad k\u00f6z\u00e9nk.<\/p>\n\n\n\n<p><strong>Szent\u00edr\u00e1si szakasz: Lk 17,20-21 \u00e9s Lk 13,18-19<\/strong><\/p>\n\n\n\n<p>Im\u00e1ds\u00e1g: egy tized r\u00f3zsaf\u00fcz\u00e9r<\/p>\n\n\n\n<p>K\u00f6ny\u00f6rg\u00e9s: Add meg Mennyei Aty\u00e1nk, hogy orsz\u00e1god benn\u00fcnk n\u00f6vekedve hatalmas f\u00e1v\u00e1 tereb\u00e9lyesedjen, aminek \u00e1rny\u00e9k\u00e1ban minden j\u00f3akarat\u00fa ember elf\u00e9r. A mi Urunk J\u00e9zus Krisztus a te Fiad \u00e1ltal, aki veled \u00e9l \u00e9s uralkodik a Szentl\u00e9lekkel egys\u00e9gben, Isten mind\u00f6r\u00f6kk\u00f6n-\u00f6r\u00f6kk\u00e9. Amen<\/p>\n\n\n\n<p><strong>Tizenkilencedik h\u00e9t &#8211; j\u00falius 22.<\/strong><\/p>\n\n\n\n<p>Titok:&nbsp;&nbsp;aki a T\u00e1bor hegy\u00e9n megmutatta isteni dics\u0151s\u00e9g\u00e9t.<\/p>\n\n\n\n<p>Kapcsolat: Add Isten\u00fcnk, hogy mi is \u00f6rvendezz\u00fcnk k\u00f6zels\u00e9gednek, \u00e9s a mennyorsz\u00e1g \u00f6r\u00f6m\u00e9t sug\u00e1rozzuk m\u00e1soknak, hallgatva a te szavadra.<\/p>\n\n\n\n<p><strong>Szent\u00edr\u00e1si szakasz: Mk 9,2-13 J\u00e9zus sz\u00ednev\u00e1ltoz\u00e1sa<\/strong><\/p>\n\n\n\n<p>Im\u00e1ds\u00e1g: egy tized r\u00f3zsaf\u00fcz\u00e9r<\/p>\n\n\n\n<p>K\u00f6ny\u00f6rg\u00e9s: Add meg Mennyei Aty\u00e1nk, hogy szeretett Fiad szav\u00e1ra hallgatva, t\u00e1rs\u00f6r\u00f6k\u00f6sei lehess\u00fcnk Krisztusnak. Aki veled \u00e9l \u00e9s uralkodik a Szentl\u00e9lekkel egys\u00e9gben, Isten mind\u00f6r\u00f6kk\u00f6n-\u00f6r\u00f6kk\u00e9. Amen<\/p>\n\n\n\n<p><strong>Huszadik h\u00e9t &#8211; j\u00falius 29.<\/strong><\/p>\n\n\n\n<p>Titok:&nbsp;aki az Euchariszti\u00e1ban nek\u00fcnk adta \u00f6nmag\u00e1t.<\/p>\n\n\n\n<p>Kapcsolat: Add Isten\u00fcnk, hogy megbecs\u00fclj\u00fcnk T\u00e9ged az Olt\u00e1riszents\u00e9gben, \u00e9s mi is neked \u00e9s egym\u00e1snak is teljesen \u00f6nmagunkat adjuk.<\/p>\n\n\n\n<p><strong>Szent\u00edr\u00e1si szakasz: Jn 6,22-65<\/strong><\/p>\n\n\n\n<p>Im\u00e1ds\u00e1g: egy tized r\u00f3zsaf\u00fcz\u00e9r<\/p>\n\n\n\n<p>K\u00f6ny\u00f6rg\u00e9s: Add meg Mennyei Aty\u00e1nk, hogy amik\u00e9nt Szent Fiad teljesen \u00e1tadja mag\u00e1t az Euchariszti\u00e1ban, \u00fagy mi is \u00e1tadjuk \u00e9let\u00fcnket neked \u00e9s embert\u00e1rsaink \u00fcdv\u00f6ss\u00e9g\u00e9nek szolg\u00e1lat\u00e1ra. A mi Urunk J\u00e9zus Krisztus a te Fiad \u00e1ltal, aki veled \u00e9l \u00e9s uralkodik a Szentl\u00e9lekkel egys\u00e9gben, Isten mind\u00f6r\u00f6kk\u00f6n-\u00f6r\u00f6kk\u00e9. Amen<\/p>\n","protected":false},"excerpt":{"rendered":"<p>Kapcsol\u00f3djunk \u00e9s im\u00e1dkozzunk egy\u00fctt a Nagyt\u00e1bor\u00e9rt illetve minden r\u00e9sztvev\u0151j\u00e9\u00e9rt. M\u00e1rcius 18-t\u00f3l h\u00fasz h\u00e9ten kereszt\u00fcl eg\u00e9szen a t\u00e1bor kezdet\u00e9ig im\u00e1dkozzunk egy-egy tized r\u00f3zsaf\u00fcz\u00e9rt az al\u00e1bbi titkok haszn\u00e1lat\u00e1val \u00e9s r\u00f6vid k\u00f6ny\u00f6rg\u00e9ssel. Az&hellip;<\/p>\n","protected":false},"author":15,"featured_media":0,"comment_status":"open","ping_status":"open","sticky":false,"template":"","format":"standard","meta":{"footnotes":""},"categories":[1],"tags":[],"_links":{"self":[{"href":"https:\/\/nagytabor.margitos.hu\/index.php?rest_route=\/wp\/v2\/posts\/1130"}],"collection":[{"href":"https:\/\/nagytabor.margitos.hu\/index.php?rest_route=\/wp\/v2\/posts"}],"about":[{"href":"https:\/\/nagytabor.margitos.hu\/index.php?rest_route=\/wp\/v2\/types\/post"}],"author":[{"embeddable":true,"href":"https:\/\/nagytabor.margitos.hu\/index.php?rest_route=\/wp\/v2\/users\/15"}],"replies":[{"embeddable":true,"href":"https:\/\/nagytabor.margitos.hu\/index.php?rest_route=%2Fwp%2Fv2%2Fcomments&post=1130"}],"version-history":[{"count":1,"href":"https:\/\/nagytabor.margitos.hu\/index.php?rest_route=\/wp\/v2\/posts\/1130\/revisions"}],"predecessor-version":[{"id":1131,"href":"https:\/\/nagytabor.margitos.hu\/index.php?rest_route=\/wp\/v2\/posts\/1130\/revisions\/1131"}],"wp:attachment":[{"href":"https:\/\/nagytabor.margitos.hu\/index.php?rest_route=%2Fwp%2Fv2%2Fmedia&parent=1130"}],"wp:term":[{"taxonomy":"category","embeddable":true,"href":"https:\/\/nagytabor.margitos.hu\/index.php?rest_route=%2Fwp%2Fv2%2Fcategories&post=1130"},{"taxonomy":"post_tag","embeddable":true,"href":"https:\/\/nagytabor.margitos.hu\/index.php?rest_route=%2Fwp%2Fv2%2Ftags&post=1130"}],"curies":[{"name":"wp","href":"https:\/\/api.w.org\/{rel}","templated":true}]}}